

{"id":148,"date":"2024-04-23T14:12:57","date_gmt":"2024-04-23T12:12:57","guid":{"rendered":"https:\/\/pracownieorange.pl\/brzeszcze\/?post_type=news&#038;p=148"},"modified":"2024-04-26T13:18:48","modified_gmt":"2024-04-26T11:18:48","slug":"personalizowane-notatniki","status":"publish","type":"news","link":"https:\/\/pracownieorange.pl\/brzeszcze\/news\/personalizowane-notatniki\/","title":{"rendered":"Personalizowane notatniki"},"content":{"rendered":"<p>16 kwietnia, pracownia w Brzeszczach zaprosi\u0142a lokalne dzieci na warsztaty projektowania i tworzenia notatnik\u00f3w.<\/p>\n<p>Ka\u017cdy uczestnik, krok po kroku s\u0142uchaj\u0105c instruktorki i \u015bledz\u0105c jej ruchy wykonywane w programie Inkscape (a\u00a0 wy\u015bwietlane przez projektor), tworzy\u0142 prawid\u0142owe wymiary notatnika. Po stworzeniu g\u0142\u00f3wnego zarysu, ka\u017cdy mia\u0142 mo\u017cliwo\u015b\u0107 jego personalizacji wg w\u0142asnych upodoba\u0144 \ud83d\ude42<\/p>\n<p>Niekt\u00f3re przybra\u0142y form\u0119 pami\u0119tnik\u00f3w, inne mia\u0142y s\u0142u\u017cy\u0107 zapiskom z \u017cycia si\u00f3str, by\u0142y form\u0105 albumu na zdj\u0119cia BFF czy projektom uk\u0142adanek z klock\u00f3w lego. Dzieci dopasowa\u0142y do nadanych tekst\u00f3w indywidualne grafiki \u015bci\u0105gane z sieci, a potem umieszcza\u0142y je w wybranych przez siebie miejscach.<\/p>\n<p>Na sam koniec, wycinali\u015bmy projekty ploterem, ka\u017cdy otrzyma\u0142 wk\u0142ad w formie zestawu kolorowych kartek, d\u0142ugopisy, kt\u00f3re mia\u0142y swoje miejsce w notatniku i komplet karteczek samoprzylepnych do zaznaczania najwa\u017cniejszych notatek.<\/p>\n<p>To by\u0142y kolejne \u015bwietne warsztaty realizowane dzi\u0119ki wsparciu Fundacji Orange w projekcie &#8222;Makerspace w Pracowniach Orange&#8221;!<\/p>\n<p>W maju czekaj\u0105 na nas kolejne dzia\u0142ania z tej serii \ud83d\ude09<\/p>\n","protected":false},"excerpt":{"rendered":"<p>16 kwietnia, pracownia w Brzeszczach zaprosi\u0142a lokalne dzieci na warsztaty [&hellip;]<\/p>\n","protected":false},"author":90,"featured_media":161,"comment_status":"open","ping_status":"closed","template":"","class_list":["post-148","news","type-news","status-publish","has-post-thumbnail","hentry"],"acf":[],"yoast_head":"<!-- This site is optimized with the Yoast SEO plugin v24.5 - https:\/\/yoast.com\/wordpress\/plugins\/seo\/ -->\n<title>Personalizowane notatniki - Pracownia Orange Brzeszcze<\/title>\n<meta name=\"robots\" content=\"index, follow, max-snippet:-1, max-image-preview:large, max-video-preview:-1\" \/>\n<link rel=\"canonical\" href=\"https:\/\/pracownieorange.pl\/brzeszcze\/news\/personalizowane-notatniki\/\" \/>\n<meta property=\"og:locale\" content=\"pl_PL\" \/>\n<meta property=\"og:type\" content=\"article\" \/>\n<meta property=\"og:title\" content=\"Personalizowane notatniki - Pracownia Orange Brzeszcze\" \/>\n<meta property=\"og:description\" content=\"16 kwietnia, pracownia w Brzeszczach zaprosi\u0142a lokalne dzieci na warsztaty [&hellip;]\" \/>\n<meta property=\"og:url\" content=\"https:\/\/pracownieorange.pl\/brzeszcze\/news\/personalizowane-notatniki\/\" \/>\n<meta property=\"og:site_name\" content=\"Pracownia Orange Brzeszcze\" \/>\n<meta property=\"article:modified_time\" content=\"2024-04-26T11:18:48+00:00\" \/>\n<meta property=\"og:image\" content=\"https:\/\/pracownieorange.pl\/app\/uploads\/sites\/84\/2024\/04\/IMG_20240423_141050-scaled.jpg\" \/>\n\t<meta property=\"og:image:width\" content=\"1970\" \/>\n\t<meta property=\"og:image:height\" content=\"2560\" \/>\n\t<meta property=\"og:image:type\" content=\"image\/jpeg\" \/>\n<meta name=\"twitter:card\" content=\"summary_large_image\" \/>\n<meta name=\"twitter:label1\" content=\"Est. reading time\" \/>\n\t<meta name=\"twitter:data1\" content=\"1 minuta\" \/>\n<script type=\"application\/ld+json\" class=\"yoast-schema-graph\">{\"@context\":\"https:\/\/schema.org\",\"@graph\":[{\"@type\":\"WebPage\",\"@id\":\"https:\/\/pracownieorange.pl\/brzeszcze\/news\/personalizowane-notatniki\/\",\"url\":\"https:\/\/pracownieorange.pl\/brzeszcze\/news\/personalizowane-notatniki\/\",\"name\":\"Personalizowane notatniki - Pracownia Orange Brzeszcze\",\"isPartOf\":{\"@id\":\"https:\/\/pracownieorange.pl\/brzeszcze\/#website\"},\"primaryImageOfPage\":{\"@id\":\"https:\/\/pracownieorange.pl\/brzeszcze\/news\/personalizowane-notatniki\/#primaryimage\"},\"image\":{\"@id\":\"https:\/\/pracownieorange.pl\/brzeszcze\/news\/personalizowane-notatniki\/#primaryimage\"},\"thumbnailUrl\":\"https:\/\/pracownieorange.pl\/app\/uploads\/sites\/84\/2024\/04\/IMG_20240423_141050-scaled.jpg\",\"datePublished\":\"2024-04-23T12:12:57+00:00\",\"dateModified\":\"2024-04-26T11:18:48+00:00\",\"breadcrumb\":{\"@id\":\"https:\/\/pracownieorange.pl\/brzeszcze\/news\/personalizowane-notatniki\/#breadcrumb\"},\"inLanguage\":\"pl-PL\",\"potentialAction\":[{\"@type\":\"ReadAction\",\"target\":[\"https:\/\/pracownieorange.pl\/brzeszcze\/news\/personalizowane-notatniki\/\"]}]},{\"@type\":\"ImageObject\",\"inLanguage\":\"pl-PL\",\"@id\":\"https:\/\/pracownieorange.pl\/brzeszcze\/news\/personalizowane-notatniki\/#primaryimage\",\"url\":\"https:\/\/pracownieorange.pl\/app\/uploads\/sites\/84\/2024\/04\/IMG_20240423_141050-scaled.jpg\",\"contentUrl\":\"https:\/\/pracownieorange.pl\/app\/uploads\/sites\/84\/2024\/04\/IMG_20240423_141050-scaled.jpg\",\"width\":1970,\"height\":2560,\"caption\":\"Zarys g\u0142owy psa, wygrawerowany na drewnianym notatniku\"},{\"@type\":\"BreadcrumbList\",\"@id\":\"https:\/\/pracownieorange.pl\/brzeszcze\/news\/personalizowane-notatniki\/#breadcrumb\",\"itemListElement\":[{\"@type\":\"ListItem\",\"position\":1,\"name\":\"Home\",\"item\":\"https:\/\/pracownieorange.pl\/brzeszcze\/\"},{\"@type\":\"ListItem\",\"position\":2,\"name\":\"Aktualno\u015bci\",\"item\":\"https:\/\/pracownieorange.pl\/brzeszcze\/news\/\"},{\"@type\":\"ListItem\",\"position\":3,\"name\":\"Personalizowane notatniki\"}]},{\"@type\":\"WebSite\",\"@id\":\"https:\/\/pracownieorange.pl\/brzeszcze\/#website\",\"url\":\"https:\/\/pracownieorange.pl\/brzeszcze\/\",\"name\":\"Pracownia Orange Brzeszcze\",\"description\":\"Kolejna witryna sieci &#8222;Pracownie Orange&#8221;\",\"potentialAction\":[{\"@type\":\"SearchAction\",\"target\":{\"@type\":\"EntryPoint\",\"urlTemplate\":\"https:\/\/pracownieorange.pl\/brzeszcze\/?s={search_term_string}\"},\"query-input\":{\"@type\":\"PropertyValueSpecification\",\"valueRequired\":true,\"valueName\":\"search_term_string\"}}],\"inLanguage\":\"pl-PL\"}]}<\/script>\n<!-- \/ Yoast SEO plugin. -->","yoast_head_json":{"title":"Personalizowane notatniki - Pracownia Orange Brzeszcze","robots":{"index":"index","follow":"follow","max-snippet":"max-snippet:-1","max-image-preview":"max-image-preview:large","max-video-preview":"max-video-preview:-1"},"canonical":"https:\/\/pracownieorange.pl\/brzeszcze\/news\/personalizowane-notatniki\/","og_locale":"pl_PL","og_type":"article","og_title":"Personalizowane notatniki - Pracownia Orange Brzeszcze","og_description":"16 kwietnia, pracownia w Brzeszczach zaprosi\u0142a lokalne dzieci na warsztaty [&hellip;]","og_url":"https:\/\/pracownieorange.pl\/brzeszcze\/news\/personalizowane-notatniki\/","og_site_name":"Pracownia Orange Brzeszcze","article_modified_time":"2024-04-26T11:18:48+00:00","og_image":[{"width":1970,"height":2560,"url":"https:\/\/pracownieorange.pl\/app\/uploads\/sites\/84\/2024\/04\/IMG_20240423_141050-scaled.jpg","type":"image\/jpeg"}],"twitter_card":"summary_large_image","twitter_misc":{"Est. reading time":"1 minuta"},"schema":{"@context":"https:\/\/schema.org","@graph":[{"@type":"WebPage","@id":"https:\/\/pracownieorange.pl\/brzeszcze\/news\/personalizowane-notatniki\/","url":"https:\/\/pracownieorange.pl\/brzeszcze\/news\/personalizowane-notatniki\/","name":"Personalizowane notatniki - Pracownia Orange Brzeszcze","isPartOf":{"@id":"https:\/\/pracownieorange.pl\/brzeszcze\/#website"},"primaryImageOfPage":{"@id":"https:\/\/pracownieorange.pl\/brzeszcze\/news\/personalizowane-notatniki\/#primaryimage"},"image":{"@id":"https:\/\/pracownieorange.pl\/brzeszcze\/news\/personalizowane-notatniki\/#primaryimage"},"thumbnailUrl":"https:\/\/pracownieorange.pl\/app\/uploads\/sites\/84\/2024\/04\/IMG_20240423_141050-scaled.jpg","datePublished":"2024-04-23T12:12:57+00:00","dateModified":"2024-04-26T11:18:48+00:00","breadcrumb":{"@id":"https:\/\/pracownieorange.pl\/brzeszcze\/news\/personalizowane-notatniki\/#breadcrumb"},"inLanguage":"pl-PL","potentialAction":[{"@type":"ReadAction","target":["https:\/\/pracownieorange.pl\/brzeszcze\/news\/personalizowane-notatniki\/"]}]},{"@type":"ImageObject","inLanguage":"pl-PL","@id":"https:\/\/pracownieorange.pl\/brzeszcze\/news\/personalizowane-notatniki\/#primaryimage","url":"https:\/\/pracownieorange.pl\/app\/uploads\/sites\/84\/2024\/04\/IMG_20240423_141050-scaled.jpg","contentUrl":"https:\/\/pracownieorange.pl\/app\/uploads\/sites\/84\/2024\/04\/IMG_20240423_141050-scaled.jpg","width":1970,"height":2560,"caption":"Zarys g\u0142owy psa, wygrawerowany na drewnianym notatniku"},{"@type":"BreadcrumbList","@id":"https:\/\/pracownieorange.pl\/brzeszcze\/news\/personalizowane-notatniki\/#breadcrumb","itemListElement":[{"@type":"ListItem","position":1,"name":"Home","item":"https:\/\/pracownieorange.pl\/brzeszcze\/"},{"@type":"ListItem","position":2,"name":"Aktualno\u015bci","item":"https:\/\/pracownieorange.pl\/brzeszcze\/news\/"},{"@type":"ListItem","position":3,"name":"Personalizowane notatniki"}]},{"@type":"WebSite","@id":"https:\/\/pracownieorange.pl\/brzeszcze\/#website","url":"https:\/\/pracownieorange.pl\/brzeszcze\/","name":"Pracownia Orange Brzeszcze","description":"Kolejna witryna sieci &#8222;Pracownie Orange&#8221;","potentialAction":[{"@type":"SearchAction","target":{"@type":"EntryPoint","urlTemplate":"https:\/\/pracownieorange.pl\/brzeszcze\/?s={search_term_string}"},"query-input":{"@type":"PropertyValueSpecification","valueRequired":true,"valueName":"search_term_string"}}],"inLanguage":"pl-PL"}]}},"_links":{"self":[{"href":"https:\/\/pracownieorange.pl\/brzeszcze\/wp-json\/wp\/v2\/news\/148","targetHints":{"allow":["GET"]}}],"collection":[{"href":"https:\/\/pracownieorange.pl\/brzeszcze\/wp-json\/wp\/v2\/news"}],"about":[{"href":"https:\/\/pracownieorange.pl\/brzeszcze\/wp-json\/wp\/v2\/types\/news"}],"author":[{"embeddable":true,"href":"https:\/\/pracownieorange.pl\/brzeszcze\/wp-json\/wp\/v2\/users\/90"}],"replies":[{"embeddable":true,"href":"https:\/\/pracownieorange.pl\/brzeszcze\/wp-json\/wp\/v2\/comments?post=148"}],"wp:featuredmedia":[{"embeddable":true,"href":"https:\/\/pracownieorange.pl\/brzeszcze\/wp-json\/wp\/v2\/media\/161"}],"wp:attachment":[{"href":"https:\/\/pracownieorange.pl\/brzeszcze\/wp-json\/wp\/v2\/media?parent=148"}],"curies":[{"name":"wp","href":"https:\/\/api.w.org\/{rel}","templated":true}]}}