

{"id":35,"date":"2025-06-18T10:21:59","date_gmt":"2025-06-18T08:21:59","guid":{"rendered":"https:\/\/pracownieorange.pl\/brzeg\/?post_type=news&#038;p=35"},"modified":"2025-06-18T15:43:14","modified_gmt":"2025-06-18T13:43:14","slug":"diagnoza-w-orange","status":"publish","type":"news","link":"https:\/\/pracownieorange.pl\/brzeg\/news\/diagnoza-w-orange\/","title":{"rendered":"Diagnoza w Orange :)"},"content":{"rendered":"<p>W naszej Fundacji wierzymy, \u017ce najlepsze rzeczy dziej\u0105 si\u0119 tam, gdzie spotykaj\u0105 si\u0119 wiedza, zaanga\u017cowanie i ch\u0119\u0107 rozwoju.<br class=\"html-br\" \/>Mia\u0142em okazj\u0119 pracowa\u0107 z Natalia Lig\u0119za praktykantk\u0105 \u2013 przysz\u0142\u0105 psycholo\u017ck\u0105, dla kt\u00f3rej zorganizowa\u0142em warsztat po\u015bwi\u0119cony sporz\u0105dzaniu diagnozy psychologicznej.<br class=\"html-br\" \/><span class=\"html-span xexx8yu xyri2b x18d9i69 x1c1uobl x1hl2dhg x16tdsg8 x1vvkbs x3nfvp2 x1j61x8r x1fcty0u xdj266r xat24cr xm2jcoa x1mpyi22 xxymvpz xlup9mm x1kky2od\"><img loading=\"lazy\" decoding=\"async\" class=\"xz74otr x15mokao x1ga7v0g x16uus16 xbiv7yw\" src=\"https:\/\/static.xx.fbcdn.net\/images\/emoji.php\/v9\/taa\/1\/16\/1f4ca.png\" alt=\"\ud83d\udcca\" width=\"16\" height=\"16\" \/><\/span>\u00a0Wsp\u00f3lnie uczyli\u015bmy si\u0119 obs\u0142ugi programu diagnostycznego, interpretacji wynik\u00f3w oraz tworzenia diagnozy z wykorzystaniem testu Connersa (ADHD).<br class=\"html-br\" \/>Spotkanie odby\u0142o si\u0119 w Pracowni Orange \u2013 przestrzeni rozwoju i dzia\u0142ania dla mieszka\u0144c\u00f3w. <span class=\"html-span xexx8yu xyri2b x18d9i69 x1c1uobl x1hl2dhg x16tdsg8 x1vvkbs x3nfvp2 x1j61x8r x1fcty0u xdj266r xat24cr xm2jcoa x1mpyi22 xxymvpz xlup9mm x1kky2od\"><img loading=\"lazy\" decoding=\"async\" class=\"xz74otr x15mokao x1ga7v0g x16uus16 xbiv7yw\" src=\"https:\/\/static.xx.fbcdn.net\/images\/emoji.php\/v9\/tad\/1\/16\/1f511.png\" alt=\"\ud83d\udd11\" width=\"16\" height=\"16\" \/><\/span><span class=\"html-span xexx8yu xyri2b x18d9i69 x1c1uobl x1hl2dhg x16tdsg8 x1vvkbs x3nfvp2 x1j61x8r x1fcty0u xdj266r xat24cr xm2jcoa x1mpyi22 xxymvpz xlup9mm x1kky2od\"><img loading=\"lazy\" decoding=\"async\" class=\"xz74otr x15mokao x1ga7v0g x16uus16 xbiv7yw\" src=\"https:\/\/static.xx.fbcdn.net\/images\/emoji.php\/v9\/tf4\/1\/16\/2728.png\" alt=\"\u2728\" width=\"16\" height=\"16\" \/><\/span><br class=\"html-br\" \/><span class=\"html-span xexx8yu xyri2b x18d9i69 x1c1uobl x1hl2dhg x16tdsg8 x1vvkbs x3nfvp2 x1j61x8r x1fcty0u xdj266r xat24cr xm2jcoa x1mpyi22 xxymvpz xlup9mm x1kky2od\"><img loading=\"lazy\" decoding=\"async\" class=\"xz74otr x15mokao x1ga7v0g x16uus16 xbiv7yw\" src=\"https:\/\/static.xx.fbcdn.net\/images\/emoji.php\/v9\/t4c\/1\/16\/1f642.png\" alt=\"\ud83d\ude42\" width=\"16\" height=\"16\" \/><\/span>Zapraszamy student\u00f3w psychologii jak i pedagogiki do realizacji swoich praktyk studenckich w naszej organizacji\u00a0<span class=\"html-span xexx8yu xyri2b x18d9i69 x1c1uobl x1hl2dhg x16tdsg8 x1vvkbs x3nfvp2 x1j61x8r x1fcty0u xdj266r xat24cr xm2jcoa x1mpyi22 xxymvpz xlup9mm x1kky2od\"><img loading=\"lazy\" decoding=\"async\" class=\"xz74otr x15mokao x1ga7v0g x16uus16 xbiv7yw\" src=\"https:\/\/static.xx.fbcdn.net\/images\/emoji.php\/v9\/t64\/1\/16\/1f91d.png\" alt=\"\ud83e\udd1d\" width=\"16\" height=\"16\" \/><\/span><\/p>\n","protected":false},"excerpt":{"rendered":"<p>W naszej Fundacji wierzymy, \u017ce najlepsze rzeczy dziej\u0105 si\u0119 tam, [&hellip;]<\/p>\n","protected":false},"author":55,"featured_media":36,"comment_status":"open","ping_status":"closed","template":"","class_list":["post-35","news","type-news","status-publish","has-post-thumbnail","hentry"],"acf":[],"yoast_head":"<!-- This site is optimized with the Yoast SEO plugin v24.5 - https:\/\/yoast.com\/wordpress\/plugins\/seo\/ -->\n<title>Diagnoza w Orange :) - Pracownia Orange Brzeg<\/title>\n<meta name=\"robots\" content=\"index, follow, max-snippet:-1, max-image-preview:large, max-video-preview:-1\" \/>\n<link rel=\"canonical\" href=\"https:\/\/pracownieorange.pl\/brzeg\/news\/diagnoza-w-orange\/\" \/>\n<meta property=\"og:locale\" content=\"pl_PL\" \/>\n<meta property=\"og:type\" content=\"article\" \/>\n<meta property=\"og:title\" content=\"Diagnoza w Orange :) - Pracownia Orange Brzeg\" \/>\n<meta property=\"og:description\" content=\"W naszej Fundacji wierzymy, \u017ce najlepsze rzeczy dziej\u0105 si\u0119 tam, [&hellip;]\" \/>\n<meta property=\"og:url\" content=\"https:\/\/pracownieorange.pl\/brzeg\/news\/diagnoza-w-orange\/\" \/>\n<meta property=\"og:site_name\" content=\"Pracownia Orange Brzeg\" \/>\n<meta property=\"article:modified_time\" content=\"2025-06-18T13:43:14+00:00\" \/>\n<meta property=\"og:image\" content=\"https:\/\/pracownieorange.pl\/app\/uploads\/sites\/49\/2025\/06\/orange-11.jpg\" \/>\n\t<meta property=\"og:image:width\" content=\"752\" \/>\n\t<meta property=\"og:image:height\" content=\"1020\" \/>\n\t<meta property=\"og:image:type\" content=\"image\/jpeg\" \/>\n<meta name=\"twitter:card\" content=\"summary_large_image\" \/>\n<meta name=\"twitter:label1\" content=\"Est. reading time\" \/>\n\t<meta name=\"twitter:data1\" content=\"2 minuty\" \/>\n<script type=\"application\/ld+json\" class=\"yoast-schema-graph\">{\"@context\":\"https:\/\/schema.org\",\"@graph\":[{\"@type\":\"WebPage\",\"@id\":\"https:\/\/pracownieorange.pl\/brzeg\/news\/diagnoza-w-orange\/\",\"url\":\"https:\/\/pracownieorange.pl\/brzeg\/news\/diagnoza-w-orange\/\",\"name\":\"Diagnoza w Orange :) - Pracownia Orange Brzeg\",\"isPartOf\":{\"@id\":\"https:\/\/pracownieorange.pl\/brzeg\/#website\"},\"primaryImageOfPage\":{\"@id\":\"https:\/\/pracownieorange.pl\/brzeg\/news\/diagnoza-w-orange\/#primaryimage\"},\"image\":{\"@id\":\"https:\/\/pracownieorange.pl\/brzeg\/news\/diagnoza-w-orange\/#primaryimage\"},\"thumbnailUrl\":\"https:\/\/pracownieorange.pl\/app\/uploads\/sites\/49\/2025\/06\/orange-11.jpg\",\"datePublished\":\"2025-06-18T08:21:59+00:00\",\"dateModified\":\"2025-06-18T13:43:14+00:00\",\"breadcrumb\":{\"@id\":\"https:\/\/pracownieorange.pl\/brzeg\/news\/diagnoza-w-orange\/#breadcrumb\"},\"inLanguage\":\"pl-PL\",\"potentialAction\":[{\"@type\":\"ReadAction\",\"target\":[\"https:\/\/pracownieorange.pl\/brzeg\/news\/diagnoza-w-orange\/\"]}]},{\"@type\":\"ImageObject\",\"inLanguage\":\"pl-PL\",\"@id\":\"https:\/\/pracownieorange.pl\/brzeg\/news\/diagnoza-w-orange\/#primaryimage\",\"url\":\"https:\/\/pracownieorange.pl\/app\/uploads\/sites\/49\/2025\/06\/orange-11.jpg\",\"contentUrl\":\"https:\/\/pracownieorange.pl\/app\/uploads\/sites\/49\/2025\/06\/orange-11.jpg\",\"width\":752,\"height\":1020,\"caption\":\"Dwie osoby siedz\u0105 przy laptopach i pozuj\u0105 do zdj\u0119cia.\"},{\"@type\":\"BreadcrumbList\",\"@id\":\"https:\/\/pracownieorange.pl\/brzeg\/news\/diagnoza-w-orange\/#breadcrumb\",\"itemListElement\":[{\"@type\":\"ListItem\",\"position\":1,\"name\":\"Home\",\"item\":\"https:\/\/pracownieorange.pl\/brzeg\/\"},{\"@type\":\"ListItem\",\"position\":2,\"name\":\"Aktualno\u015bci\",\"item\":\"https:\/\/pracownieorange.pl\/brzeg\/news\/\"},{\"@type\":\"ListItem\",\"position\":3,\"name\":\"Diagnoza w Orange :)\"}]},{\"@type\":\"WebSite\",\"@id\":\"https:\/\/pracownieorange.pl\/brzeg\/#website\",\"url\":\"https:\/\/pracownieorange.pl\/brzeg\/\",\"name\":\"Pracownia Orange Brzeg\",\"description\":\"Kolejna witryna sieci &#8222;Pracownie Orange&#8221;\",\"potentialAction\":[{\"@type\":\"SearchAction\",\"target\":{\"@type\":\"EntryPoint\",\"urlTemplate\":\"https:\/\/pracownieorange.pl\/brzeg\/?s={search_term_string}\"},\"query-input\":{\"@type\":\"PropertyValueSpecification\",\"valueRequired\":true,\"valueName\":\"search_term_string\"}}],\"inLanguage\":\"pl-PL\"}]}<\/script>\n<!-- \/ Yoast SEO plugin. -->","yoast_head_json":{"title":"Diagnoza w Orange :) - Pracownia Orange Brzeg","robots":{"index":"index","follow":"follow","max-snippet":"max-snippet:-1","max-image-preview":"max-image-preview:large","max-video-preview":"max-video-preview:-1"},"canonical":"https:\/\/pracownieorange.pl\/brzeg\/news\/diagnoza-w-orange\/","og_locale":"pl_PL","og_type":"article","og_title":"Diagnoza w Orange :) - Pracownia Orange Brzeg","og_description":"W naszej Fundacji wierzymy, \u017ce najlepsze rzeczy dziej\u0105 si\u0119 tam, [&hellip;]","og_url":"https:\/\/pracownieorange.pl\/brzeg\/news\/diagnoza-w-orange\/","og_site_name":"Pracownia Orange Brzeg","article_modified_time":"2025-06-18T13:43:14+00:00","og_image":[{"width":752,"height":1020,"url":"https:\/\/pracownieorange.pl\/app\/uploads\/sites\/49\/2025\/06\/orange-11.jpg","type":"image\/jpeg"}],"twitter_card":"summary_large_image","twitter_misc":{"Est. reading time":"2 minuty"},"schema":{"@context":"https:\/\/schema.org","@graph":[{"@type":"WebPage","@id":"https:\/\/pracownieorange.pl\/brzeg\/news\/diagnoza-w-orange\/","url":"https:\/\/pracownieorange.pl\/brzeg\/news\/diagnoza-w-orange\/","name":"Diagnoza w Orange :) - Pracownia Orange Brzeg","isPartOf":{"@id":"https:\/\/pracownieorange.pl\/brzeg\/#website"},"primaryImageOfPage":{"@id":"https:\/\/pracownieorange.pl\/brzeg\/news\/diagnoza-w-orange\/#primaryimage"},"image":{"@id":"https:\/\/pracownieorange.pl\/brzeg\/news\/diagnoza-w-orange\/#primaryimage"},"thumbnailUrl":"https:\/\/pracownieorange.pl\/app\/uploads\/sites\/49\/2025\/06\/orange-11.jpg","datePublished":"2025-06-18T08:21:59+00:00","dateModified":"2025-06-18T13:43:14+00:00","breadcrumb":{"@id":"https:\/\/pracownieorange.pl\/brzeg\/news\/diagnoza-w-orange\/#breadcrumb"},"inLanguage":"pl-PL","potentialAction":[{"@type":"ReadAction","target":["https:\/\/pracownieorange.pl\/brzeg\/news\/diagnoza-w-orange\/"]}]},{"@type":"ImageObject","inLanguage":"pl-PL","@id":"https:\/\/pracownieorange.pl\/brzeg\/news\/diagnoza-w-orange\/#primaryimage","url":"https:\/\/pracownieorange.pl\/app\/uploads\/sites\/49\/2025\/06\/orange-11.jpg","contentUrl":"https:\/\/pracownieorange.pl\/app\/uploads\/sites\/49\/2025\/06\/orange-11.jpg","width":752,"height":1020,"caption":"Dwie osoby siedz\u0105 przy laptopach i pozuj\u0105 do zdj\u0119cia."},{"@type":"BreadcrumbList","@id":"https:\/\/pracownieorange.pl\/brzeg\/news\/diagnoza-w-orange\/#breadcrumb","itemListElement":[{"@type":"ListItem","position":1,"name":"Home","item":"https:\/\/pracownieorange.pl\/brzeg\/"},{"@type":"ListItem","position":2,"name":"Aktualno\u015bci","item":"https:\/\/pracownieorange.pl\/brzeg\/news\/"},{"@type":"ListItem","position":3,"name":"Diagnoza w Orange :)"}]},{"@type":"WebSite","@id":"https:\/\/pracownieorange.pl\/brzeg\/#website","url":"https:\/\/pracownieorange.pl\/brzeg\/","name":"Pracownia Orange Brzeg","description":"Kolejna witryna sieci &#8222;Pracownie Orange&#8221;","potentialAction":[{"@type":"SearchAction","target":{"@type":"EntryPoint","urlTemplate":"https:\/\/pracownieorange.pl\/brzeg\/?s={search_term_string}"},"query-input":{"@type":"PropertyValueSpecification","valueRequired":true,"valueName":"search_term_string"}}],"inLanguage":"pl-PL"}]}},"_links":{"self":[{"href":"https:\/\/pracownieorange.pl\/brzeg\/wp-json\/wp\/v2\/news\/35","targetHints":{"allow":["GET"]}}],"collection":[{"href":"https:\/\/pracownieorange.pl\/brzeg\/wp-json\/wp\/v2\/news"}],"about":[{"href":"https:\/\/pracownieorange.pl\/brzeg\/wp-json\/wp\/v2\/types\/news"}],"author":[{"embeddable":true,"href":"https:\/\/pracownieorange.pl\/brzeg\/wp-json\/wp\/v2\/users\/55"}],"replies":[{"embeddable":true,"href":"https:\/\/pracownieorange.pl\/brzeg\/wp-json\/wp\/v2\/comments?post=35"}],"wp:featuredmedia":[{"embeddable":true,"href":"https:\/\/pracownieorange.pl\/brzeg\/wp-json\/wp\/v2\/media\/36"}],"wp:attachment":[{"href":"https:\/\/pracownieorange.pl\/brzeg\/wp-json\/wp\/v2\/media?parent=35"}],"curies":[{"name":"wp","href":"https:\/\/api.w.org\/{rel}","templated":true}]}}