

{"id":22,"date":"2025-06-18T09:53:20","date_gmt":"2025-06-18T07:53:20","guid":{"rendered":"https:\/\/pracownieorange.pl\/brzeg\/?post_type=news&#038;p=22"},"modified":"2025-06-18T15:45:10","modified_gmt":"2025-06-18T13:45:10","slug":"wsparcie-dla-zawodnikow-mma","status":"publish","type":"news","link":"https:\/\/pracownieorange.pl\/brzeg\/news\/wsparcie-dla-zawodnikow-mma\/","title":{"rendered":"Wsparcie dla zawodnik\u00f3w MMA"},"content":{"rendered":"<div class=\"xdj266r x14z9mp xat24cr x1lziwak x1vvkbs x126k92a\">\n<div dir=\"auto\"><span class=\"html-span xexx8yu xyri2b x18d9i69 x1c1uobl x1hl2dhg x16tdsg8 x1vvkbs x3nfvp2 x1j61x8r x1fcty0u xdj266r xat24cr xm2jcoa x1mpyi22 xxymvpz xlup9mm x1kky2od\"><img loading=\"lazy\" decoding=\"async\" class=\"xz74otr x15mokao x1ga7v0g x16uus16 xbiv7yw\" src=\"https:\/\/static.xx.fbcdn.net\/images\/emoji.php\/v9\/t2d\/1\/16\/1f4cd.png\" alt=\"\ud83d\udccd\" width=\"16\" height=\"16\" \/><\/span> 11.04.2025 \u2013 Pracownia Orange w Brzegu<\/div>\n<div dir=\"auto\">Za nami drugie spotkanie w ramach projektu psychologicznego wsparcia dla zawodnik\u00f3w sport\u00f3w walki.<span class=\"html-span xexx8yu xyri2b x18d9i69 x1c1uobl x1hl2dhg x16tdsg8 x1vvkbs x3nfvp2 x1j61x8r x1fcty0u xdj266r xat24cr xm2jcoa x1mpyi22 xxymvpz xlup9mm x1kky2od\"><img loading=\"lazy\" decoding=\"async\" class=\"xz74otr x15mokao x1ga7v0g x16uus16 xbiv7yw\" src=\"https:\/\/static.xx.fbcdn.net\/images\/emoji.php\/v9\/t3f\/1\/16\/1f94b.png\" alt=\"\ud83e\udd4b\" width=\"16\" height=\"16\" \/><\/span><\/div>\n<\/div>\n<div class=\"x14z9mp xat24cr x1lziwak x1vvkbs xtlvy1s x126k92a\">\n<div dir=\"auto\">Cieszy nas zaanga\u017cowanie grupy i \u015bwietna atmosfera pracy. Dzi\u0119kujemy uczestnikom za otwarto\u015b\u0107, refleksje i wsp\u00f3ln\u0105 energi\u0119.<\/div>\n<\/div>\n<div class=\"x14z9mp xat24cr x1lziwak x1vvkbs xtlvy1s x126k92a\">\n<div dir=\"auto\"><span class=\"html-span xexx8yu xyri2b x18d9i69 x1c1uobl x1hl2dhg x16tdsg8 x1vvkbs x3nfvp2 x1j61x8r x1fcty0u xdj266r xat24cr xm2jcoa x1mpyi22 xxymvpz xlup9mm x1kky2od\"><img loading=\"lazy\" decoding=\"async\" class=\"xz74otr x15mokao x1ga7v0g x16uus16 xbiv7yw\" src=\"https:\/\/static.xx.fbcdn.net\/images\/emoji.php\/v9\/t6e\/1\/16\/1f4ac.png\" alt=\"\ud83d\udcac\" width=\"16\" height=\"16\" \/><\/span> Projekt realizujemy we wsp\u00f3\u0142pracy z Paw\u0142em Czerkawskim \u2013 w\u0142a\u015bcicielem klubu LUPO27 oraz Fundacj\u0105 Centrum Aktywnego Wsparcia.<\/div>\n<\/div>\n<div class=\"x14z9mp xat24cr x1lziwak x1vvkbs xtlvy1s x126k92a\">\n<div dir=\"auto\"><span class=\"html-span xexx8yu xyri2b x18d9i69 x1c1uobl x1hl2dhg x16tdsg8 x1vvkbs x3nfvp2 x1j61x8r x1fcty0u xdj266r xat24cr xm2jcoa x1mpyi22 xxymvpz xlup9mm x1kky2od\"><img loading=\"lazy\" decoding=\"async\" class=\"xz74otr x15mokao x1ga7v0g x16uus16 xbiv7yw\" src=\"https:\/\/static.xx.fbcdn.net\/images\/emoji.php\/v9\/ta3\/1\/16\/1f193.png\" alt=\"\ud83c\udd93\" width=\"16\" height=\"16\" \/><\/span> Zaj\u0119cia s\u0105 bezp\u0142atne i dost\u0119pne dla wszystkich trenuj\u0105cych<\/div>\n<div dir=\"auto\">w LUPO27.<\/div>\n<div dir=\"auto\">\n<p><span class=\"html-span xexx8yu xyri2b x18d9i69 x1c1uobl x1hl2dhg x16tdsg8 x1vvkbs x3nfvp2 x1j61x8r x1fcty0u xdj266r xat24cr xm2jcoa x1mpyi22 xxymvpz xlup9mm x1kky2od\"><img loading=\"lazy\" decoding=\"async\" class=\"xz74otr x15mokao x1ga7v0g x16uus16 xbiv7yw\" src=\"https:\/\/static.xx.fbcdn.net\/images\/emoji.php\/v9\/tdf\/1\/16\/1f51c.png\" alt=\"\ud83d\udd1c\" width=\"16\" height=\"16\" \/><\/span> Planujemy kolejne spotkania \u2013 zar\u00f3wno grupowe, jak i indywidualne.<\/p>\n<p>Zobacz co u nas \ud83d\ude42<br \/>\nSerdecznie zapraszamy do zapoznania si\u0119 z <a href=\"https:\/\/www.facebook.com\/PracowniaOrangewBrzegu\">naszymi dzia\u0142aniami na fb<\/a> \ud83d\ude09<\/p>\n<\/div>\n<\/div>\n","protected":false},"excerpt":{"rendered":"<p>11.04.2025 \u2013 Pracownia Orange w Brzegu Za nami drugie spotkanie [&hellip;]<\/p>\n","protected":false},"author":55,"featured_media":26,"comment_status":"open","ping_status":"closed","template":"","class_list":["post-22","news","type-news","status-publish","has-post-thumbnail","hentry"],"acf":[],"yoast_head":"<!-- This site is optimized with the Yoast SEO plugin v24.5 - https:\/\/yoast.com\/wordpress\/plugins\/seo\/ -->\n<title>Wsparcie dla zawodnik\u00f3w MMA - Pracownia Orange Brzeg<\/title>\n<meta name=\"robots\" content=\"index, follow, max-snippet:-1, max-image-preview:large, max-video-preview:-1\" \/>\n<link rel=\"canonical\" href=\"https:\/\/pracownieorange.pl\/brzeg\/news\/wsparcie-dla-zawodnikow-mma\/\" \/>\n<meta property=\"og:locale\" content=\"pl_PL\" \/>\n<meta property=\"og:type\" content=\"article\" \/>\n<meta property=\"og:title\" content=\"Wsparcie dla zawodnik\u00f3w MMA - Pracownia Orange Brzeg\" \/>\n<meta property=\"og:description\" content=\"11.04.2025 \u2013 Pracownia Orange w Brzegu Za nami drugie spotkanie [&hellip;]\" \/>\n<meta property=\"og:url\" content=\"https:\/\/pracownieorange.pl\/brzeg\/news\/wsparcie-dla-zawodnikow-mma\/\" \/>\n<meta property=\"og:site_name\" content=\"Pracownia Orange Brzeg\" \/>\n<meta property=\"article:modified_time\" content=\"2025-06-18T13:45:10+00:00\" \/>\n<meta property=\"og:image\" content=\"https:\/\/pracownieorange.pl\/app\/uploads\/sites\/49\/2025\/06\/orange-1-1.jpg\" \/>\n\t<meta property=\"og:image:width\" content=\"2040\" \/>\n\t<meta property=\"og:image:height\" content=\"1530\" \/>\n\t<meta property=\"og:image:type\" content=\"image\/jpeg\" \/>\n<meta name=\"twitter:card\" content=\"summary_large_image\" \/>\n<meta name=\"twitter:label1\" content=\"Est. reading time\" \/>\n\t<meta name=\"twitter:data1\" content=\"2 minuty\" \/>\n<script type=\"application\/ld+json\" class=\"yoast-schema-graph\">{\"@context\":\"https:\/\/schema.org\",\"@graph\":[{\"@type\":\"WebPage\",\"@id\":\"https:\/\/pracownieorange.pl\/brzeg\/news\/wsparcie-dla-zawodnikow-mma\/\",\"url\":\"https:\/\/pracownieorange.pl\/brzeg\/news\/wsparcie-dla-zawodnikow-mma\/\",\"name\":\"Wsparcie dla zawodnik\u00f3w MMA - Pracownia Orange Brzeg\",\"isPartOf\":{\"@id\":\"https:\/\/pracownieorange.pl\/brzeg\/#website\"},\"primaryImageOfPage\":{\"@id\":\"https:\/\/pracownieorange.pl\/brzeg\/news\/wsparcie-dla-zawodnikow-mma\/#primaryimage\"},\"image\":{\"@id\":\"https:\/\/pracownieorange.pl\/brzeg\/news\/wsparcie-dla-zawodnikow-mma\/#primaryimage\"},\"thumbnailUrl\":\"https:\/\/pracownieorange.pl\/app\/uploads\/sites\/49\/2025\/06\/orange-1-1.jpg\",\"datePublished\":\"2025-06-18T07:53:20+00:00\",\"dateModified\":\"2025-06-18T13:45:10+00:00\",\"breadcrumb\":{\"@id\":\"https:\/\/pracownieorange.pl\/brzeg\/news\/wsparcie-dla-zawodnikow-mma\/#breadcrumb\"},\"inLanguage\":\"pl-PL\",\"potentialAction\":[{\"@type\":\"ReadAction\",\"target\":[\"https:\/\/pracownieorange.pl\/brzeg\/news\/wsparcie-dla-zawodnikow-mma\/\"]}]},{\"@type\":\"ImageObject\",\"inLanguage\":\"pl-PL\",\"@id\":\"https:\/\/pracownieorange.pl\/brzeg\/news\/wsparcie-dla-zawodnikow-mma\/#primaryimage\",\"url\":\"https:\/\/pracownieorange.pl\/app\/uploads\/sites\/49\/2025\/06\/orange-1-1.jpg\",\"contentUrl\":\"https:\/\/pracownieorange.pl\/app\/uploads\/sites\/49\/2025\/06\/orange-1-1.jpg\",\"width\":2040,\"height\":1530,\"caption\":\"Grupa m\u0119\u017cczyzn siedzi w kr\u0119gu na krzes\u0142ach.\"},{\"@type\":\"BreadcrumbList\",\"@id\":\"https:\/\/pracownieorange.pl\/brzeg\/news\/wsparcie-dla-zawodnikow-mma\/#breadcrumb\",\"itemListElement\":[{\"@type\":\"ListItem\",\"position\":1,\"name\":\"Home\",\"item\":\"https:\/\/pracownieorange.pl\/brzeg\/\"},{\"@type\":\"ListItem\",\"position\":2,\"name\":\"Aktualno\u015bci\",\"item\":\"https:\/\/pracownieorange.pl\/brzeg\/news\/\"},{\"@type\":\"ListItem\",\"position\":3,\"name\":\"Wsparcie dla zawodnik\u00f3w MMA\"}]},{\"@type\":\"WebSite\",\"@id\":\"https:\/\/pracownieorange.pl\/brzeg\/#website\",\"url\":\"https:\/\/pracownieorange.pl\/brzeg\/\",\"name\":\"Pracownia Orange Brzeg\",\"description\":\"Kolejna witryna sieci &#8222;Pracownie Orange&#8221;\",\"potentialAction\":[{\"@type\":\"SearchAction\",\"target\":{\"@type\":\"EntryPoint\",\"urlTemplate\":\"https:\/\/pracownieorange.pl\/brzeg\/?s={search_term_string}\"},\"query-input\":{\"@type\":\"PropertyValueSpecification\",\"valueRequired\":true,\"valueName\":\"search_term_string\"}}],\"inLanguage\":\"pl-PL\"}]}<\/script>\n<!-- \/ Yoast SEO plugin. -->","yoast_head_json":{"title":"Wsparcie dla zawodnik\u00f3w MMA - Pracownia Orange Brzeg","robots":{"index":"index","follow":"follow","max-snippet":"max-snippet:-1","max-image-preview":"max-image-preview:large","max-video-preview":"max-video-preview:-1"},"canonical":"https:\/\/pracownieorange.pl\/brzeg\/news\/wsparcie-dla-zawodnikow-mma\/","og_locale":"pl_PL","og_type":"article","og_title":"Wsparcie dla zawodnik\u00f3w MMA - Pracownia Orange Brzeg","og_description":"11.04.2025 \u2013 Pracownia Orange w Brzegu Za nami drugie spotkanie [&hellip;]","og_url":"https:\/\/pracownieorange.pl\/brzeg\/news\/wsparcie-dla-zawodnikow-mma\/","og_site_name":"Pracownia Orange Brzeg","article_modified_time":"2025-06-18T13:45:10+00:00","og_image":[{"width":2040,"height":1530,"url":"https:\/\/pracownieorange.pl\/app\/uploads\/sites\/49\/2025\/06\/orange-1-1.jpg","type":"image\/jpeg"}],"twitter_card":"summary_large_image","twitter_misc":{"Est. reading time":"2 minuty"},"schema":{"@context":"https:\/\/schema.org","@graph":[{"@type":"WebPage","@id":"https:\/\/pracownieorange.pl\/brzeg\/news\/wsparcie-dla-zawodnikow-mma\/","url":"https:\/\/pracownieorange.pl\/brzeg\/news\/wsparcie-dla-zawodnikow-mma\/","name":"Wsparcie dla zawodnik\u00f3w MMA - Pracownia Orange Brzeg","isPartOf":{"@id":"https:\/\/pracownieorange.pl\/brzeg\/#website"},"primaryImageOfPage":{"@id":"https:\/\/pracownieorange.pl\/brzeg\/news\/wsparcie-dla-zawodnikow-mma\/#primaryimage"},"image":{"@id":"https:\/\/pracownieorange.pl\/brzeg\/news\/wsparcie-dla-zawodnikow-mma\/#primaryimage"},"thumbnailUrl":"https:\/\/pracownieorange.pl\/app\/uploads\/sites\/49\/2025\/06\/orange-1-1.jpg","datePublished":"2025-06-18T07:53:20+00:00","dateModified":"2025-06-18T13:45:10+00:00","breadcrumb":{"@id":"https:\/\/pracownieorange.pl\/brzeg\/news\/wsparcie-dla-zawodnikow-mma\/#breadcrumb"},"inLanguage":"pl-PL","potentialAction":[{"@type":"ReadAction","target":["https:\/\/pracownieorange.pl\/brzeg\/news\/wsparcie-dla-zawodnikow-mma\/"]}]},{"@type":"ImageObject","inLanguage":"pl-PL","@id":"https:\/\/pracownieorange.pl\/brzeg\/news\/wsparcie-dla-zawodnikow-mma\/#primaryimage","url":"https:\/\/pracownieorange.pl\/app\/uploads\/sites\/49\/2025\/06\/orange-1-1.jpg","contentUrl":"https:\/\/pracownieorange.pl\/app\/uploads\/sites\/49\/2025\/06\/orange-1-1.jpg","width":2040,"height":1530,"caption":"Grupa m\u0119\u017cczyzn siedzi w kr\u0119gu na krzes\u0142ach."},{"@type":"BreadcrumbList","@id":"https:\/\/pracownieorange.pl\/brzeg\/news\/wsparcie-dla-zawodnikow-mma\/#breadcrumb","itemListElement":[{"@type":"ListItem","position":1,"name":"Home","item":"https:\/\/pracownieorange.pl\/brzeg\/"},{"@type":"ListItem","position":2,"name":"Aktualno\u015bci","item":"https:\/\/pracownieorange.pl\/brzeg\/news\/"},{"@type":"ListItem","position":3,"name":"Wsparcie dla zawodnik\u00f3w MMA"}]},{"@type":"WebSite","@id":"https:\/\/pracownieorange.pl\/brzeg\/#website","url":"https:\/\/pracownieorange.pl\/brzeg\/","name":"Pracownia Orange Brzeg","description":"Kolejna witryna sieci &#8222;Pracownie Orange&#8221;","potentialAction":[{"@type":"SearchAction","target":{"@type":"EntryPoint","urlTemplate":"https:\/\/pracownieorange.pl\/brzeg\/?s={search_term_string}"},"query-input":{"@type":"PropertyValueSpecification","valueRequired":true,"valueName":"search_term_string"}}],"inLanguage":"pl-PL"}]}},"_links":{"self":[{"href":"https:\/\/pracownieorange.pl\/brzeg\/wp-json\/wp\/v2\/news\/22","targetHints":{"allow":["GET"]}}],"collection":[{"href":"https:\/\/pracownieorange.pl\/brzeg\/wp-json\/wp\/v2\/news"}],"about":[{"href":"https:\/\/pracownieorange.pl\/brzeg\/wp-json\/wp\/v2\/types\/news"}],"author":[{"embeddable":true,"href":"https:\/\/pracownieorange.pl\/brzeg\/wp-json\/wp\/v2\/users\/55"}],"replies":[{"embeddable":true,"href":"https:\/\/pracownieorange.pl\/brzeg\/wp-json\/wp\/v2\/comments?post=22"}],"wp:featuredmedia":[{"embeddable":true,"href":"https:\/\/pracownieorange.pl\/brzeg\/wp-json\/wp\/v2\/media\/26"}],"wp:attachment":[{"href":"https:\/\/pracownieorange.pl\/brzeg\/wp-json\/wp\/v2\/media?parent=22"}],"curies":[{"name":"wp","href":"https:\/\/api.w.org\/{rel}","templated":true}]}}