

{"id":349,"date":"2026-04-25T12:23:54","date_gmt":"2026-04-25T10:23:54","guid":{"rendered":"https:\/\/pracownieorange.pl\/brodnica-2\/?post_type=news&#038;p=349"},"modified":"2026-04-26T16:39:28","modified_gmt":"2026-04-26T14:39:28","slug":"start-projektu-odnawialnia-eko-inspiracje-od-kuchni-po-garderobe","status":"publish","type":"news","link":"https:\/\/pracownieorange.pl\/brodnica-2\/news\/start-projektu-odnawialnia-eko-inspiracje-od-kuchni-po-garderobe\/","title":{"rendered":"Start projektu \u201eOdnawialnia \u2013 eko inspiracje od kuchni po garderob\u0119\u201d"},"content":{"rendered":"<p data-start=\"138\" data-end=\"394\">Rozpoczynamy projekt \u201eOdnawialnia\u201d, kt\u00f3ry \u0142\u0105czy ekologi\u0119, kreatywno\u015b\u0107 i budowanie relacji. To cykl spotka\u0144 i warsztat\u00f3w, podczas kt\u00f3rych poka\u017cemy, jak w prosty spos\u00f3b wprowadza\u0107 idee zero waste do codziennego \u017cycia \u2013 bez presji, z uwa\u017cno\u015bci\u0105 i satysfakcj\u0105.<\/p>\n<p data-start=\"138\" data-end=\"394\">Bardzo cieszymy si\u0119 na now\u0105 aktywno\u015b\u0107, w kt\u00f3rej mo\u017cemy dzieli\u0107 si\u0119 i rozwija\u0107 nasz\u0105 pasj\u0119 do gotowania oraz szycia.<\/p>\n<p data-start=\"396\" data-end=\"607\">To inicjatywa oparta na ma\u0142ych krokach, kt\u00f3re maj\u0105 realny wp\u0142yw zar\u00f3wno na \u015brodowisko, jak i na nasze samopoczucie. Mniej rzeczy to wi\u0119cej przestrzeni, a wi\u0119ksza \u015bwiadomo\u015b\u0107 przek\u0142ada si\u0119 na poczucie sprawczo\u015bci. Tworzymy otwart\u0105 przestrze\u0144, w kt\u00f3rej mo\u017cna zdobywa\u0107 nowe umiej\u0119tno\u015bci, wymienia\u0107 si\u0119 do\u015bwiadczeniami i sp\u0119dza\u0107 czas w gronie lokalnej spo\u0142eczno\u015bci.<\/p>\n<h2 data-section-id=\"13atvk3\" data-start=\"764\" data-end=\"821\">I. EkoSwap i Pchli Targ \u2013 wydarzenie inauguruj\u0105ce projekt<\/h2>\n<p data-start=\"823\" data-end=\"961\">Ju\u017c 8 maja (pi\u0105tek) w godzinach 17:30\u201320:30 w Pracowni Orange w Brodnicy (ul. Parkowa) odb\u0119dzie si\u0119 pierwsze wydarzenie w ramach projektu. Wydarzenie ma charakter otwarty oraz integracyjno-edukacyjny. \u0141\u0105czy wymian\u0119, sprzeda\u017c i przekazywanie ubra\u0144 oraz akcesori\u00f3w z rozmowami na temat stylu \u017cycia w duchu zero waste i odpowiedzialnej mody.<\/p>\n<p data-start=\"1190\" data-end=\"1355\">Celem wydarzenia jest pokazanie, \u017ce lokalna spo\u0142eczno\u015b\u0107 mo\u017ce aktywnie odpowiada\u0107 na globalne wyzwania zwi\u0105zane z nadprodukcj\u0105 odzie\u017cy i nadawa\u0107 rzeczom drugie \u017cycie.<\/p>\n<p data-section-id=\"nsjzu9\" data-start=\"1362\" data-end=\"1383\">A w programie:<\/p>\n<ul data-start=\"1385\" data-end=\"1640\">\n<li data-section-id=\"11nd46a\" data-start=\"1385\" data-end=\"1454\">wymiana, sprzeda\u017c i przekazywanie ubra\u0144 oraz akcesori\u00f3w,<\/li>\n<li data-section-id=\"m4l6ut\" data-start=\"1455\" data-end=\"1474\">mini pchli targ<\/li>\n<li data-section-id=\"3t4a3i\" data-start=\"1475\" data-end=\"1533\">cz\u0119\u015b\u0107 edukacyjna oraz rozmowy o ekologicznych nawykach<\/li>\n<li data-section-id=\"ppju9m\" data-start=\"1534\" data-end=\"1601\">pocz\u0119stunek (kawa, herbata lub lemoniada oraz drobne przek\u0105ski)<\/li>\n<li data-section-id=\"1fqv5nx\" data-start=\"1602\" data-end=\"1640\">przestrze\u0144 do spotka\u0144 i integracji<\/li>\n<\/ul>\n<p data-start=\"1642\" data-end=\"1755\">Wydarzenie jest otwarte dla wszystkich mieszka\u0144c\u00f3w i sympatyk\u00f3w gminy Brodnica. Udzia\u0142 nie wymaga bycia wystawc\u0105.<\/p>\n<h2 data-section-id=\"1n8mogt\" data-start=\"1762\" data-end=\"1792\">Dzia\u0142ania w ramach projektu<\/h2>\n<p data-start=\"1794\" data-end=\"1836\">W kolejnych etapach projektu planowane s\u0105:<\/p>\n<ul>\n<li><strong>Warsztaty kulinarne \u2013 Kuchnia zero waste <\/strong>(maj 2026 r.), 2 spotkania<\/li>\n<li><strong>Naturalnie, \u017ce\u2026 Eko dzia\u0142amy: Zr\u00f3wnowa\u017cona moda \u2013 praktyczne warsztaty upcyklingu, <\/strong>zaj\u0119cia z kreatywnego przerabiania ubra\u0144 (czerwiec &#8211; lipiec 2026 r.), 2 spotkania<\/li>\n<li><strong>Naturalnie\u2026 \u017ce uszyjemy! \u2013 modowe warsztaty szycia praktycznego <\/strong>\u00a0(lipiec &#8211; wrzesie\u0144 2026 r.), 4 spotkania<\/li>\n<li data-section-id=\"zagnmz\" data-start=\"1881\" data-end=\"1930\"><strong>II EkoSwap i Pchli Targ<\/strong> (pa\u017adziernik 2026 r.)<\/li>\n<\/ul>\n<p data-start=\"1972\" data-end=\"2014\">Terminy warsztat\u00f3w zostan\u0105 podane wkr\u00f3tce. Wi\u0119cej informacji w naszej grupie na Facebooku.<\/p>\n<p data-start=\"2051\" data-end=\"2218\">Projekt realizowany przez Pracowni\u0119 Orange w Brodnicy oraz KGW \u201eAktywne Brodniczanki\u201d, finansowany z dotacji Fundacji 5Medium w ramach programu grantowego \u201eEkogranty\u201d.<\/p>\n<p data-start=\"2220\" data-end=\"2351\">Program realizowany jest w ramach projektu \u201eDzia\u0142ania animacyjne w Pracowniach Orange w 2026 roku\u201d we wsp\u00f3\u0142pracy z Fundacj\u0105 Orange.<\/p>\n<p data-start=\"2353\" data-end=\"2465\">Partner merytoryczny: Unia Gospodarcza Regionu \u015aremskiego \u2013 \u015aremski O\u015brodek Wspierania Ma\u0142ej Przedsi\u0119biorczo\u015bci.<\/p>\n<p data-start=\"2353\" data-end=\"2465\">Dzi\u0119kujemy za zaufanie i mo\u017cliwo\u015b\u0107 realizacji projektu.<\/p>\n<p data-start=\"2353\" data-end=\"2465\">Pozdrawiamy,<\/p>\n<p data-start=\"2353\" data-end=\"2465\">Ania &amp; Gosia &#8211; liderki Pracowni Orange w Brodnicy k. \u015aremu<\/p>\n","protected":false},"excerpt":{"rendered":"<p>Rozpoczynamy projekt \u201eOdnawialnia\u201d, kt\u00f3ry \u0142\u0105czy ekologi\u0119, kreatywno\u015b\u0107 i budowanie relacji. [&hellip;]<\/p>\n","protected":false},"author":201,"featured_media":350,"comment_status":"open","ping_status":"closed","template":"","class_list":["post-349","news","type-news","status-publish","has-post-thumbnail","hentry"],"acf":[],"yoast_head":"<!-- This site is optimized with the Yoast SEO plugin v24.5 - https:\/\/yoast.com\/wordpress\/plugins\/seo\/ -->\n<title>Start projektu \u201eOdnawialnia \u2013 eko inspiracje od kuchni po garderob\u0119\u201d - Pracownia Orange Brodnica k. \u015aremu<\/title>\n<meta name=\"robots\" content=\"index, follow, max-snippet:-1, max-image-preview:large, max-video-preview:-1\" \/>\n<link rel=\"canonical\" href=\"https:\/\/pracownieorange.pl\/brodnica-2\/news\/start-projektu-odnawialnia-eko-inspiracje-od-kuchni-po-garderobe\/\" \/>\n<meta property=\"og:locale\" content=\"pl_PL\" \/>\n<meta property=\"og:type\" content=\"article\" \/>\n<meta property=\"og:title\" content=\"Start projektu \u201eOdnawialnia \u2013 eko inspiracje od kuchni po garderob\u0119\u201d - Pracownia Orange Brodnica k. \u015aremu\" \/>\n<meta property=\"og:description\" content=\"Rozpoczynamy projekt \u201eOdnawialnia\u201d, kt\u00f3ry \u0142\u0105czy ekologi\u0119, kreatywno\u015b\u0107 i budowanie relacji. [&hellip;]\" \/>\n<meta property=\"og:url\" content=\"https:\/\/pracownieorange.pl\/brodnica-2\/news\/start-projektu-odnawialnia-eko-inspiracje-od-kuchni-po-garderobe\/\" \/>\n<meta property=\"og:site_name\" content=\"Pracownia Orange Brodnica k. \u015aremu\" \/>\n<meta property=\"article:modified_time\" content=\"2026-04-26T14:39:28+00:00\" \/>\n<meta property=\"og:image\" content=\"https:\/\/pracownieorange.pl\/app\/uploads\/sites\/115\/2026\/04\/Odnawialnia.png\" \/>\n\t<meta property=\"og:image:width\" content=\"1587\" \/>\n\t<meta property=\"og:image:height\" content=\"2245\" \/>\n\t<meta property=\"og:image:type\" content=\"image\/png\" \/>\n<meta name=\"twitter:card\" content=\"summary_large_image\" \/>\n<meta name=\"twitter:label1\" content=\"Est. reading time\" \/>\n\t<meta name=\"twitter:data1\" content=\"3 minuty\" \/>\n<script type=\"application\/ld+json\" class=\"yoast-schema-graph\">{\"@context\":\"https:\/\/schema.org\",\"@graph\":[{\"@type\":\"WebPage\",\"@id\":\"https:\/\/pracownieorange.pl\/brodnica-2\/news\/start-projektu-odnawialnia-eko-inspiracje-od-kuchni-po-garderobe\/\",\"url\":\"https:\/\/pracownieorange.pl\/brodnica-2\/news\/start-projektu-odnawialnia-eko-inspiracje-od-kuchni-po-garderobe\/\",\"name\":\"Start projektu \u201eOdnawialnia \u2013 eko inspiracje od kuchni po garderob\u0119\u201d - Pracownia Orange Brodnica k. \u015aremu\",\"isPartOf\":{\"@id\":\"https:\/\/pracownieorange.pl\/brodnica-2\/#website\"},\"primaryImageOfPage\":{\"@id\":\"https:\/\/pracownieorange.pl\/brodnica-2\/news\/start-projektu-odnawialnia-eko-inspiracje-od-kuchni-po-garderobe\/#primaryimage\"},\"image\":{\"@id\":\"https:\/\/pracownieorange.pl\/brodnica-2\/news\/start-projektu-odnawialnia-eko-inspiracje-od-kuchni-po-garderobe\/#primaryimage\"},\"thumbnailUrl\":\"https:\/\/pracownieorange.pl\/app\/uploads\/sites\/115\/2026\/04\/Odnawialnia.png\",\"datePublished\":\"2026-04-25T10:23:54+00:00\",\"dateModified\":\"2026-04-26T14:39:28+00:00\",\"breadcrumb\":{\"@id\":\"https:\/\/pracownieorange.pl\/brodnica-2\/news\/start-projektu-odnawialnia-eko-inspiracje-od-kuchni-po-garderobe\/#breadcrumb\"},\"inLanguage\":\"pl-PL\",\"potentialAction\":[{\"@type\":\"ReadAction\",\"target\":[\"https:\/\/pracownieorange.pl\/brodnica-2\/news\/start-projektu-odnawialnia-eko-inspiracje-od-kuchni-po-garderobe\/\"]}]},{\"@type\":\"ImageObject\",\"inLanguage\":\"pl-PL\",\"@id\":\"https:\/\/pracownieorange.pl\/brodnica-2\/news\/start-projektu-odnawialnia-eko-inspiracje-od-kuchni-po-garderobe\/#primaryimage\",\"url\":\"https:\/\/pracownieorange.pl\/app\/uploads\/sites\/115\/2026\/04\/Odnawialnia.png\",\"contentUrl\":\"https:\/\/pracownieorange.pl\/app\/uploads\/sites\/115\/2026\/04\/Odnawialnia.png\",\"width\":1587,\"height\":2245,\"caption\":\"plakat projektu na kt\u00f3rym znajduje si\u0119 tytu\u0142: Odnawialnia\"},{\"@type\":\"BreadcrumbList\",\"@id\":\"https:\/\/pracownieorange.pl\/brodnica-2\/news\/start-projektu-odnawialnia-eko-inspiracje-od-kuchni-po-garderobe\/#breadcrumb\",\"itemListElement\":[{\"@type\":\"ListItem\",\"position\":1,\"name\":\"Home\",\"item\":\"https:\/\/pracownieorange.pl\/brodnica-2\/\"},{\"@type\":\"ListItem\",\"position\":2,\"name\":\"Aktualno\u015bci\",\"item\":\"https:\/\/pracownieorange.pl\/brodnica-2\/news\/\"},{\"@type\":\"ListItem\",\"position\":3,\"name\":\"Start projektu \u201eOdnawialnia \u2013 eko inspiracje od kuchni po garderob\u0119\u201d\"}]},{\"@type\":\"WebSite\",\"@id\":\"https:\/\/pracownieorange.pl\/brodnica-2\/#website\",\"url\":\"https:\/\/pracownieorange.pl\/brodnica-2\/\",\"name\":\"Pracownia Orange Brodnica k. \u015aremu\",\"description\":\"\",\"potentialAction\":[{\"@type\":\"SearchAction\",\"target\":{\"@type\":\"EntryPoint\",\"urlTemplate\":\"https:\/\/pracownieorange.pl\/brodnica-2\/?s={search_term_string}\"},\"query-input\":{\"@type\":\"PropertyValueSpecification\",\"valueRequired\":true,\"valueName\":\"search_term_string\"}}],\"inLanguage\":\"pl-PL\"}]}<\/script>\n<!-- \/ Yoast SEO plugin. -->","yoast_head_json":{"title":"Start projektu \u201eOdnawialnia \u2013 eko inspiracje od kuchni po garderob\u0119\u201d - Pracownia Orange Brodnica k. \u015aremu","robots":{"index":"index","follow":"follow","max-snippet":"max-snippet:-1","max-image-preview":"max-image-preview:large","max-video-preview":"max-video-preview:-1"},"canonical":"https:\/\/pracownieorange.pl\/brodnica-2\/news\/start-projektu-odnawialnia-eko-inspiracje-od-kuchni-po-garderobe\/","og_locale":"pl_PL","og_type":"article","og_title":"Start projektu \u201eOdnawialnia \u2013 eko inspiracje od kuchni po garderob\u0119\u201d - Pracownia Orange Brodnica k. \u015aremu","og_description":"Rozpoczynamy projekt \u201eOdnawialnia\u201d, kt\u00f3ry \u0142\u0105czy ekologi\u0119, kreatywno\u015b\u0107 i budowanie relacji. [&hellip;]","og_url":"https:\/\/pracownieorange.pl\/brodnica-2\/news\/start-projektu-odnawialnia-eko-inspiracje-od-kuchni-po-garderobe\/","og_site_name":"Pracownia Orange Brodnica k. \u015aremu","article_modified_time":"2026-04-26T14:39:28+00:00","og_image":[{"width":1587,"height":2245,"url":"https:\/\/pracownieorange.pl\/app\/uploads\/sites\/115\/2026\/04\/Odnawialnia.png","type":"image\/png"}],"twitter_card":"summary_large_image","twitter_misc":{"Est. reading time":"3 minuty"},"schema":{"@context":"https:\/\/schema.org","@graph":[{"@type":"WebPage","@id":"https:\/\/pracownieorange.pl\/brodnica-2\/news\/start-projektu-odnawialnia-eko-inspiracje-od-kuchni-po-garderobe\/","url":"https:\/\/pracownieorange.pl\/brodnica-2\/news\/start-projektu-odnawialnia-eko-inspiracje-od-kuchni-po-garderobe\/","name":"Start projektu \u201eOdnawialnia \u2013 eko inspiracje od kuchni po garderob\u0119\u201d - Pracownia Orange Brodnica k. \u015aremu","isPartOf":{"@id":"https:\/\/pracownieorange.pl\/brodnica-2\/#website"},"primaryImageOfPage":{"@id":"https:\/\/pracownieorange.pl\/brodnica-2\/news\/start-projektu-odnawialnia-eko-inspiracje-od-kuchni-po-garderobe\/#primaryimage"},"image":{"@id":"https:\/\/pracownieorange.pl\/brodnica-2\/news\/start-projektu-odnawialnia-eko-inspiracje-od-kuchni-po-garderobe\/#primaryimage"},"thumbnailUrl":"https:\/\/pracownieorange.pl\/app\/uploads\/sites\/115\/2026\/04\/Odnawialnia.png","datePublished":"2026-04-25T10:23:54+00:00","dateModified":"2026-04-26T14:39:28+00:00","breadcrumb":{"@id":"https:\/\/pracownieorange.pl\/brodnica-2\/news\/start-projektu-odnawialnia-eko-inspiracje-od-kuchni-po-garderobe\/#breadcrumb"},"inLanguage":"pl-PL","potentialAction":[{"@type":"ReadAction","target":["https:\/\/pracownieorange.pl\/brodnica-2\/news\/start-projektu-odnawialnia-eko-inspiracje-od-kuchni-po-garderobe\/"]}]},{"@type":"ImageObject","inLanguage":"pl-PL","@id":"https:\/\/pracownieorange.pl\/brodnica-2\/news\/start-projektu-odnawialnia-eko-inspiracje-od-kuchni-po-garderobe\/#primaryimage","url":"https:\/\/pracownieorange.pl\/app\/uploads\/sites\/115\/2026\/04\/Odnawialnia.png","contentUrl":"https:\/\/pracownieorange.pl\/app\/uploads\/sites\/115\/2026\/04\/Odnawialnia.png","width":1587,"height":2245,"caption":"plakat projektu na kt\u00f3rym znajduje si\u0119 tytu\u0142: Odnawialnia"},{"@type":"BreadcrumbList","@id":"https:\/\/pracownieorange.pl\/brodnica-2\/news\/start-projektu-odnawialnia-eko-inspiracje-od-kuchni-po-garderobe\/#breadcrumb","itemListElement":[{"@type":"ListItem","position":1,"name":"Home","item":"https:\/\/pracownieorange.pl\/brodnica-2\/"},{"@type":"ListItem","position":2,"name":"Aktualno\u015bci","item":"https:\/\/pracownieorange.pl\/brodnica-2\/news\/"},{"@type":"ListItem","position":3,"name":"Start projektu \u201eOdnawialnia \u2013 eko inspiracje od kuchni po garderob\u0119\u201d"}]},{"@type":"WebSite","@id":"https:\/\/pracownieorange.pl\/brodnica-2\/#website","url":"https:\/\/pracownieorange.pl\/brodnica-2\/","name":"Pracownia Orange Brodnica k. \u015aremu","description":"","potentialAction":[{"@type":"SearchAction","target":{"@type":"EntryPoint","urlTemplate":"https:\/\/pracownieorange.pl\/brodnica-2\/?s={search_term_string}"},"query-input":{"@type":"PropertyValueSpecification","valueRequired":true,"valueName":"search_term_string"}}],"inLanguage":"pl-PL"}]}},"_links":{"self":[{"href":"https:\/\/pracownieorange.pl\/brodnica-2\/wp-json\/wp\/v2\/news\/349","targetHints":{"allow":["GET"]}}],"collection":[{"href":"https:\/\/pracownieorange.pl\/brodnica-2\/wp-json\/wp\/v2\/news"}],"about":[{"href":"https:\/\/pracownieorange.pl\/brodnica-2\/wp-json\/wp\/v2\/types\/news"}],"author":[{"embeddable":true,"href":"https:\/\/pracownieorange.pl\/brodnica-2\/wp-json\/wp\/v2\/users\/201"}],"replies":[{"embeddable":true,"href":"https:\/\/pracownieorange.pl\/brodnica-2\/wp-json\/wp\/v2\/comments?post=349"}],"wp:featuredmedia":[{"embeddable":true,"href":"https:\/\/pracownieorange.pl\/brodnica-2\/wp-json\/wp\/v2\/media\/350"}],"wp:attachment":[{"href":"https:\/\/pracownieorange.pl\/brodnica-2\/wp-json\/wp\/v2\/media?parent=349"}],"curies":[{"name":"wp","href":"https:\/\/api.w.org\/{rel}","templated":true}]}}