

{"id":282,"date":"2025-09-20T16:19:44","date_gmt":"2025-09-20T14:19:44","guid":{"rendered":"https:\/\/pracownieorange.pl\/brodnica-2\/?post_type=news&#038;p=282"},"modified":"2025-09-25T14:01:48","modified_gmt":"2025-09-25T12:01:48","slug":"wrzesniowe-warsztaty-szycia-scrunchie-w-brodnicy","status":"publish","type":"news","link":"https:\/\/pracownieorange.pl\/brodnica-2\/news\/wrzesniowe-warsztaty-szycia-scrunchie-w-brodnicy\/","title":{"rendered":"Wrze\u015bniowe warsztaty szycia scrunchie w Brodnicy"},"content":{"rendered":"<p data-start=\"171\" data-end=\"475\">W Brodnicy 19 wrze\u015bnia 2025 r. odby\u0142y si\u0119 ju\u017c kolejne warsztaty szycia scrunchie, w kt\u00f3rych wzi\u0119\u0142a udzia\u0142 kameralna grupa uczestniczek: Werka, Hania, Ela, Iga i Ala. Podczas zaj\u0119\u0107 wolontariuszki mog\u0142y zdoby\u0107 praktyczne umiej\u0119tno\u015bci obs\u0142ugi maszyny do szycia, a wsparcia technicznego i merytorycznego udzieli\u0142y Ania, Karolina i Monika. Maszyny (otrzymane w ramach jednego z program\u00f3w) sprawdzaj\u0105 si\u0119 fantastycznie.<\/p>\n<p data-start=\"477\" data-end=\"735\">Warsztaty s\u0105 cz\u0119\u015bci\u0105 dzia\u0142a\u0144 w miejscu otwartym dla wszystkich mieszka\u0144c\u00f3w, w tym senior\u00f3w.<\/p>\n<p data-start=\"737\" data-end=\"857\">Osoby zainteresowane udzia\u0142em w kolejnych spotkaniach mog\u0105 zg\u0142osi\u0107 si\u0119 wcze\u015bniej i um\u00f3wi\u0107 wizyt\u0119 w naszej przestrzeni.<\/p>\n<p data-start=\"859\" data-end=\"883\"><strong data-start=\"859\" data-end=\"881\">Kolejne spotkanie:<\/strong><\/p>\n<ul data-start=\"884\" data-end=\"935\">\n<li data-start=\"884\" data-end=\"916\">\n<p data-start=\"886\" data-end=\"916\">\u00a025 wrze\u015bnia (czwartek), godzina: 17:00 &#8211; 19.30. WST\u0118P WOLNY!<\/p>\n<\/li>\n<\/ul>\n<p data-start=\"937\" data-end=\"1096\">Od pa\u017adziernika udost\u0119pniony b\u0119dzie grafik sta\u0142ych godzin otwarcia. Osoby ch\u0119tne do wsparcia w ramach dy\u017cur\u00f3w spo\u0142ecznych mog\u0105 zg\u0142asza\u0107 si\u0119 do liderek Pracowni.<\/p>\n<p data-start=\"937\" data-end=\"1096\">Pozdrawiamy!<\/p>\n<p data-start=\"937\" data-end=\"1096\">zesp\u00f3\u0142 Pracowni Orange w Brodnicy<\/p>\n","protected":false},"excerpt":{"rendered":"<p>W Brodnicy 19 wrze\u015bnia 2025 r. odby\u0142y si\u0119 ju\u017c kolejne [&hellip;]<\/p>\n","protected":false},"author":201,"featured_media":283,"comment_status":"open","ping_status":"closed","template":"","class_list":["post-282","news","type-news","status-publish","has-post-thumbnail","hentry"],"acf":[],"yoast_head":"<!-- This site is optimized with the Yoast SEO plugin v24.5 - https:\/\/yoast.com\/wordpress\/plugins\/seo\/ -->\n<title>Wrze\u015bniowe warsztaty szycia scrunchie w Brodnicy - Pracownia Orange Brodnica k. \u015aremu<\/title>\n<meta name=\"robots\" content=\"index, follow, max-snippet:-1, max-image-preview:large, max-video-preview:-1\" \/>\n<link rel=\"canonical\" href=\"https:\/\/pracownieorange.pl\/brodnica-2\/news\/wrzesniowe-warsztaty-szycia-scrunchie-w-brodnicy\/\" \/>\n<meta property=\"og:locale\" content=\"pl_PL\" \/>\n<meta property=\"og:type\" content=\"article\" \/>\n<meta property=\"og:title\" content=\"Wrze\u015bniowe warsztaty szycia scrunchie w Brodnicy - Pracownia Orange Brodnica k. \u015aremu\" \/>\n<meta property=\"og:description\" content=\"W Brodnicy 19 wrze\u015bnia 2025 r. odby\u0142y si\u0119 ju\u017c kolejne [&hellip;]\" \/>\n<meta property=\"og:url\" content=\"https:\/\/pracownieorange.pl\/brodnica-2\/news\/wrzesniowe-warsztaty-szycia-scrunchie-w-brodnicy\/\" \/>\n<meta property=\"og:site_name\" content=\"Pracownia Orange Brodnica k. \u015aremu\" \/>\n<meta property=\"article:modified_time\" content=\"2025-09-25T12:01:48+00:00\" \/>\n<meta property=\"og:image\" content=\"https:\/\/pracownieorange.pl\/app\/uploads\/sites\/115\/2025\/09\/warsztaty_19.09_3.0.jpg\" \/>\n\t<meta property=\"og:image:width\" content=\"1536\" \/>\n\t<meta property=\"og:image:height\" content=\"2040\" \/>\n\t<meta property=\"og:image:type\" content=\"image\/jpeg\" \/>\n<meta name=\"twitter:card\" content=\"summary_large_image\" \/>\n<meta name=\"twitter:label1\" content=\"Est. reading time\" \/>\n\t<meta name=\"twitter:data1\" content=\"1 minuta\" \/>\n<script type=\"application\/ld+json\" class=\"yoast-schema-graph\">{\"@context\":\"https:\/\/schema.org\",\"@graph\":[{\"@type\":\"WebPage\",\"@id\":\"https:\/\/pracownieorange.pl\/brodnica-2\/news\/wrzesniowe-warsztaty-szycia-scrunchie-w-brodnicy\/\",\"url\":\"https:\/\/pracownieorange.pl\/brodnica-2\/news\/wrzesniowe-warsztaty-szycia-scrunchie-w-brodnicy\/\",\"name\":\"Wrze\u015bniowe warsztaty szycia scrunchie w Brodnicy - Pracownia Orange Brodnica k. \u015aremu\",\"isPartOf\":{\"@id\":\"https:\/\/pracownieorange.pl\/brodnica-2\/#website\"},\"primaryImageOfPage\":{\"@id\":\"https:\/\/pracownieorange.pl\/brodnica-2\/news\/wrzesniowe-warsztaty-szycia-scrunchie-w-brodnicy\/#primaryimage\"},\"image\":{\"@id\":\"https:\/\/pracownieorange.pl\/brodnica-2\/news\/wrzesniowe-warsztaty-szycia-scrunchie-w-brodnicy\/#primaryimage\"},\"thumbnailUrl\":\"https:\/\/pracownieorange.pl\/app\/uploads\/sites\/115\/2025\/09\/warsztaty_19.09_3.0.jpg\",\"datePublished\":\"2025-09-20T14:19:44+00:00\",\"dateModified\":\"2025-09-25T12:01:48+00:00\",\"breadcrumb\":{\"@id\":\"https:\/\/pracownieorange.pl\/brodnica-2\/news\/wrzesniowe-warsztaty-szycia-scrunchie-w-brodnicy\/#breadcrumb\"},\"inLanguage\":\"pl-PL\",\"potentialAction\":[{\"@type\":\"ReadAction\",\"target\":[\"https:\/\/pracownieorange.pl\/brodnica-2\/news\/wrzesniowe-warsztaty-szycia-scrunchie-w-brodnicy\/\"]}]},{\"@type\":\"ImageObject\",\"inLanguage\":\"pl-PL\",\"@id\":\"https:\/\/pracownieorange.pl\/brodnica-2\/news\/wrzesniowe-warsztaty-szycia-scrunchie-w-brodnicy\/#primaryimage\",\"url\":\"https:\/\/pracownieorange.pl\/app\/uploads\/sites\/115\/2025\/09\/warsztaty_19.09_3.0.jpg\",\"contentUrl\":\"https:\/\/pracownieorange.pl\/app\/uploads\/sites\/115\/2025\/09\/warsztaty_19.09_3.0.jpg\",\"width\":1536,\"height\":2040,\"caption\":\"Na zdj\u0119ciu dwie dziewczynki i maszyna do szycia\"},{\"@type\":\"BreadcrumbList\",\"@id\":\"https:\/\/pracownieorange.pl\/brodnica-2\/news\/wrzesniowe-warsztaty-szycia-scrunchie-w-brodnicy\/#breadcrumb\",\"itemListElement\":[{\"@type\":\"ListItem\",\"position\":1,\"name\":\"Home\",\"item\":\"https:\/\/pracownieorange.pl\/brodnica-2\/\"},{\"@type\":\"ListItem\",\"position\":2,\"name\":\"Aktualno\u015bci\",\"item\":\"https:\/\/pracownieorange.pl\/brodnica-2\/news\/\"},{\"@type\":\"ListItem\",\"position\":3,\"name\":\"Wrze\u015bniowe warsztaty szycia scrunchie w Brodnicy\"}]},{\"@type\":\"WebSite\",\"@id\":\"https:\/\/pracownieorange.pl\/brodnica-2\/#website\",\"url\":\"https:\/\/pracownieorange.pl\/brodnica-2\/\",\"name\":\"Pracownia Orange Brodnica k. \u015aremu\",\"description\":\"\",\"potentialAction\":[{\"@type\":\"SearchAction\",\"target\":{\"@type\":\"EntryPoint\",\"urlTemplate\":\"https:\/\/pracownieorange.pl\/brodnica-2\/?s={search_term_string}\"},\"query-input\":{\"@type\":\"PropertyValueSpecification\",\"valueRequired\":true,\"valueName\":\"search_term_string\"}}],\"inLanguage\":\"pl-PL\"}]}<\/script>\n<!-- \/ Yoast SEO plugin. -->","yoast_head_json":{"title":"Wrze\u015bniowe warsztaty szycia scrunchie w Brodnicy - Pracownia Orange Brodnica k. \u015aremu","robots":{"index":"index","follow":"follow","max-snippet":"max-snippet:-1","max-image-preview":"max-image-preview:large","max-video-preview":"max-video-preview:-1"},"canonical":"https:\/\/pracownieorange.pl\/brodnica-2\/news\/wrzesniowe-warsztaty-szycia-scrunchie-w-brodnicy\/","og_locale":"pl_PL","og_type":"article","og_title":"Wrze\u015bniowe warsztaty szycia scrunchie w Brodnicy - Pracownia Orange Brodnica k. \u015aremu","og_description":"W Brodnicy 19 wrze\u015bnia 2025 r. odby\u0142y si\u0119 ju\u017c kolejne [&hellip;]","og_url":"https:\/\/pracownieorange.pl\/brodnica-2\/news\/wrzesniowe-warsztaty-szycia-scrunchie-w-brodnicy\/","og_site_name":"Pracownia Orange Brodnica k. \u015aremu","article_modified_time":"2025-09-25T12:01:48+00:00","og_image":[{"width":1536,"height":2040,"url":"https:\/\/pracownieorange.pl\/app\/uploads\/sites\/115\/2025\/09\/warsztaty_19.09_3.0.jpg","type":"image\/jpeg"}],"twitter_card":"summary_large_image","twitter_misc":{"Est. reading time":"1 minuta"},"schema":{"@context":"https:\/\/schema.org","@graph":[{"@type":"WebPage","@id":"https:\/\/pracownieorange.pl\/brodnica-2\/news\/wrzesniowe-warsztaty-szycia-scrunchie-w-brodnicy\/","url":"https:\/\/pracownieorange.pl\/brodnica-2\/news\/wrzesniowe-warsztaty-szycia-scrunchie-w-brodnicy\/","name":"Wrze\u015bniowe warsztaty szycia scrunchie w Brodnicy - Pracownia Orange Brodnica k. \u015aremu","isPartOf":{"@id":"https:\/\/pracownieorange.pl\/brodnica-2\/#website"},"primaryImageOfPage":{"@id":"https:\/\/pracownieorange.pl\/brodnica-2\/news\/wrzesniowe-warsztaty-szycia-scrunchie-w-brodnicy\/#primaryimage"},"image":{"@id":"https:\/\/pracownieorange.pl\/brodnica-2\/news\/wrzesniowe-warsztaty-szycia-scrunchie-w-brodnicy\/#primaryimage"},"thumbnailUrl":"https:\/\/pracownieorange.pl\/app\/uploads\/sites\/115\/2025\/09\/warsztaty_19.09_3.0.jpg","datePublished":"2025-09-20T14:19:44+00:00","dateModified":"2025-09-25T12:01:48+00:00","breadcrumb":{"@id":"https:\/\/pracownieorange.pl\/brodnica-2\/news\/wrzesniowe-warsztaty-szycia-scrunchie-w-brodnicy\/#breadcrumb"},"inLanguage":"pl-PL","potentialAction":[{"@type":"ReadAction","target":["https:\/\/pracownieorange.pl\/brodnica-2\/news\/wrzesniowe-warsztaty-szycia-scrunchie-w-brodnicy\/"]}]},{"@type":"ImageObject","inLanguage":"pl-PL","@id":"https:\/\/pracownieorange.pl\/brodnica-2\/news\/wrzesniowe-warsztaty-szycia-scrunchie-w-brodnicy\/#primaryimage","url":"https:\/\/pracownieorange.pl\/app\/uploads\/sites\/115\/2025\/09\/warsztaty_19.09_3.0.jpg","contentUrl":"https:\/\/pracownieorange.pl\/app\/uploads\/sites\/115\/2025\/09\/warsztaty_19.09_3.0.jpg","width":1536,"height":2040,"caption":"Na zdj\u0119ciu dwie dziewczynki i maszyna do szycia"},{"@type":"BreadcrumbList","@id":"https:\/\/pracownieorange.pl\/brodnica-2\/news\/wrzesniowe-warsztaty-szycia-scrunchie-w-brodnicy\/#breadcrumb","itemListElement":[{"@type":"ListItem","position":1,"name":"Home","item":"https:\/\/pracownieorange.pl\/brodnica-2\/"},{"@type":"ListItem","position":2,"name":"Aktualno\u015bci","item":"https:\/\/pracownieorange.pl\/brodnica-2\/news\/"},{"@type":"ListItem","position":3,"name":"Wrze\u015bniowe warsztaty szycia scrunchie w Brodnicy"}]},{"@type":"WebSite","@id":"https:\/\/pracownieorange.pl\/brodnica-2\/#website","url":"https:\/\/pracownieorange.pl\/brodnica-2\/","name":"Pracownia Orange Brodnica k. \u015aremu","description":"","potentialAction":[{"@type":"SearchAction","target":{"@type":"EntryPoint","urlTemplate":"https:\/\/pracownieorange.pl\/brodnica-2\/?s={search_term_string}"},"query-input":{"@type":"PropertyValueSpecification","valueRequired":true,"valueName":"search_term_string"}}],"inLanguage":"pl-PL"}]}},"_links":{"self":[{"href":"https:\/\/pracownieorange.pl\/brodnica-2\/wp-json\/wp\/v2\/news\/282","targetHints":{"allow":["GET"]}}],"collection":[{"href":"https:\/\/pracownieorange.pl\/brodnica-2\/wp-json\/wp\/v2\/news"}],"about":[{"href":"https:\/\/pracownieorange.pl\/brodnica-2\/wp-json\/wp\/v2\/types\/news"}],"author":[{"embeddable":true,"href":"https:\/\/pracownieorange.pl\/brodnica-2\/wp-json\/wp\/v2\/users\/201"}],"replies":[{"embeddable":true,"href":"https:\/\/pracownieorange.pl\/brodnica-2\/wp-json\/wp\/v2\/comments?post=282"}],"wp:featuredmedia":[{"embeddable":true,"href":"https:\/\/pracownieorange.pl\/brodnica-2\/wp-json\/wp\/v2\/media\/283"}],"wp:attachment":[{"href":"https:\/\/pracownieorange.pl\/brodnica-2\/wp-json\/wp\/v2\/media?parent=282"}],"curies":[{"name":"wp","href":"https:\/\/api.w.org\/{rel}","templated":true}]}}